{"id":8208,"date":"2022-03-07T12:04:38","date_gmt":"2022-03-07T12:04:38","guid":{"rendered":"http:\/\/www.bibaardoak.eus\/?p=8208"},"modified":"2022-03-18T07:37:48","modified_gmt":"2022-03-18T07:37:48","slug":"biba-azoka-culture-vivante-du-vin","status":"publish","type":"post","link":"https:\/\/bibaardoak.eus\/fr\/biba-azoka-culture-vivante-du-vin\/","title":{"rendered":"Biba Azoka, culture vivante du vin"},"content":{"rendered":"<p>Les 20 et 21 mars, nous organisons Biba Azoka, le premier salon aux vins bio et naturels du Pays Basque. Nos vignerons, arriv\u00e9s de domaines de tout le Pays Basque, seront au RDV avec pr\u00e8s d&#8217;une centaine de vins \u00e0 deguster dans l&#8217;espace gastronomique Taba de Tabakalera, le Centre de Culture Contemporaine, \u00e0 Saint-S\u00e9bastien.<br \/>\n<span class=\"Apple-converted-space\">\u00a0<\/span><\/p>\n<p>Il y a trois ans qu&#8217;un groupe de vignerons bio et naturels du Pays Basque nous sommes r\u00e9unis pour commercialiser et distribuer ensemble nos vins et pour offrir une alternative de qualit\u00e9, locale, \u00e9cologique et sociale aux professionnels et citoyennes conscients et engag\u00e9s.<\/p>\n<p><img loading=\"lazy\" decoding=\"async\" class=\"alignnone wp-image-8236 size-full\" src=\"http:\/\/www.bibaardoak.eus\/wp-content\/uploads\/2022\/03\/Biba-Azoka-kartela.jpg\" alt=\"\" width=\"432\" height=\"600\" srcset=\"https:\/\/bibaardoak.eus\/app\/uploads\/2022\/03\/Biba-Azoka-kartela.jpg 432w, https:\/\/bibaardoak.eus\/app\/uploads\/2022\/03\/Biba-Azoka-kartela-216x300.jpg 216w\" sizes=\"auto, (max-width: 432px) 100vw, 432px\" \/>\u00a0 \u00a0 <img loading=\"lazy\" decoding=\"async\" class=\"alignnone wp-image-8239 size-full\" src=\"http:\/\/www.bibaardoak.eus\/wp-content\/uploads\/2022\/03\/Mahastizainen-afaria-biba-azoka.jpg\" alt=\"\" width=\"432\" height=\"600\" srcset=\"https:\/\/bibaardoak.eus\/app\/uploads\/2022\/03\/Mahastizainen-afaria-biba-azoka.jpg 432w, https:\/\/bibaardoak.eus\/app\/uploads\/2022\/03\/Mahastizainen-afaria-biba-azoka-216x300.jpg 216w\" sizes=\"auto, (max-width: 432px) 100vw, 432px\" \/><\/p>\n<p>Maintenant nous voulons c\u00e9l\u00e9brer le chemin parcouru avec vous, restaurateurs, cavistes, associations et citoyens, et continuer \u00e0 \u00e9tendre le r\u00e9seau et cette nouvelle culture du vin, vivante, saine et populaire.<\/p>\n<p>Dans ce sens, Biba Azoka sera un moment important. Continuons \u00e0 diffuser la culture vivante du vin ! Joinez nous \u00e0 Biba Azoka !<\/p>\n<p>Informations pratiques:<\/p>\n<ul>\n<li>Le dimanche 20 et le lundi 21 mars de 11 heures \u00e0 19 heures.\n<ul>\n<li>Entr\u00e9e pour deux jours + un verre cadeau + pr\u00e8s de 100 vins \u00e0 d\u00e9guster et \u00e0 emporter \u00e0 prix domaine: 10\u20ac (uniquement sur place).<\/li>\n<\/ul>\n<\/li>\n<\/ul>\n<ul>\n<li><strong>Pour manger et boire:<\/strong>:\n<ul>\n<li>Terzi: caf\u00e9s de sp\u00e9cialit\u00e9.<\/li>\n<li>Arizmendi: pizzas et street food.<\/li>\n<li>Madamar: vins bio et naturels de Biba Ardoak.<\/li>\n<\/ul>\n<\/li>\n<\/ul>\n<ul>\n<li><strong> Pour se detendre et danser: <\/strong>\n<ul>\n<li>dimanche de 17 heures \u00e0 23 heures DIA! Radio DJ set.<\/li>\n<\/ul>\n<\/li>\n<\/ul>\n<ul>\n<li><strong>A manger, \u00e0 boire, \u00e0 rencontrer des anciens et des nouveaux copins:<\/strong>\n<ul>\n<li>le dimanche \u00e0 20 heures, le D\u00eener des Vigneron.nes concoct\u00e9 avec des produits de petits producteurs locaux par les cuisiniers engag\u00e9s Fede Pacha et Lucho Carrion (Diametro 200, Hernani, Lurra Caf\u00e9 Chillida Leku et Etxehaundi, O\u00f1ati) et Nicolas Breton (Restaurant Aiete, Biarritz) bien arros\u00e9 par les vins de nos vignerons. Tickets 35\u20ac <strong><a href=\"https:\/\/bibaardoak.eus\/fr\/afaria-2\/\">acheter des billets<\/a><\/strong><\/li>\n<\/ul>\n<\/li>\n<\/ul>\n<ul>\n<li><strong>\u00c0 voir:<\/strong>\n<ul>\n<li>recommandation de visite \u00e0 Tabakalera : exposition de Emma Kunz, naturopathe et artiste. Elle a ont la nature au centre et nous inspire dans notre travail pour reconstruire le lien originaire entre agriculture culture .<\/li>\n<\/ul>\n<\/li>\n<\/ul>\n","protected":false},"excerpt":{"rendered":"<p>Les 20 et 21 mars, nous organisons Biba Azoka, le premier salon aux vins bio et naturels du Pays Basque. Nos vignerons, arriv\u00e9s de domaines de tout le Pays Basque, seront au RDV avec pr\u00e8s d&#8217;une centaine de vins \u00e0 deguster dans l&#8217;espace gastronomique Taba de Tabakalera, le Centre de Culture Contemporaine, \u00e0 Saint-S\u00e9bastien. \u00a0 [&hellip;]<\/p>\n","protected":false},"author":9,"featured_media":8200,"comment_status":"open","ping_status":"open","sticky":false,"template":"","format":"standard","meta":{"footnotes":""},"categories":[45],"tags":[],"class_list":["post-8208","post","type-post","status-publish","format-standard","has-post-thumbnail","hentry","category-non-classifiee"],"yoast_head":"<!-- This site is optimized with the Yoast SEO plugin v22.2 - https:\/\/yoast.com\/wordpress\/plugins\/seo\/ -->\n<title>Biba Azoka, culture vivante du vin - Biba Ardoak<\/title>\n<meta name=\"robots\" content=\"index, follow, max-snippet:-1, max-image-preview:large, max-video-preview:-1\" \/>\n<link rel=\"canonical\" href=\"https:\/\/bibaardoak.eus\/biba-azoka-ardo-kultura-bizia\/\" \/>\n<meta property=\"og:locale\" content=\"fr_FR\" \/>\n<meta property=\"og:type\" content=\"article\" \/>\n<meta property=\"og:title\" content=\"Biba Azoka, culture vivante du vin - Biba Ardoak\" \/>\n<meta property=\"og:description\" content=\"Les 20 et 21 mars, nous organisons Biba Azoka, le premier salon aux vins bio et naturels du Pays Basque. Nos vignerons, arriv\u00e9s de domaines de tout le Pays Basque, seront au RDV avec pr\u00e8s d&#8217;une centaine de vins \u00e0 deguster dans l&#8217;espace gastronomique Taba de Tabakalera, le Centre de Culture Contemporaine, \u00e0 Saint-S\u00e9bastien. \u00a0 [&hellip;]\" \/>\n<meta property=\"og:url\" content=\"https:\/\/bibaardoak.eus\/biba-azoka-ardo-kultura-bizia\/\" \/>\n<meta property=\"og:site_name\" content=\"Biba Ardoak\" \/>\n<meta property=\"article:published_time\" content=\"2022-03-07T12:04:38+00:00\" \/>\n<meta property=\"article:modified_time\" content=\"2022-03-18T07:37:48+00:00\" \/>\n<meta property=\"og:image\" content=\"https:\/\/bibaardoak.eus\/app\/uploads\/2022\/03\/Biba-Azoka-Tabakalera.jpg\" \/>\n\t<meta property=\"og:image:width\" content=\"800\" \/>\n\t<meta property=\"og:image:height\" content=\"524\" \/>\n\t<meta property=\"og:image:type\" content=\"image\/jpeg\" \/>\n<meta name=\"author\" content=\"user_9\" \/>\n<meta name=\"twitter:card\" content=\"summary_large_image\" \/>\n<meta name=\"twitter:label1\" content=\"Written by\" \/>\n\t<meta name=\"twitter:data1\" content=\"user_9\" \/>\n\t<meta name=\"twitter:label2\" content=\"Est. reading time\" \/>\n\t<meta name=\"twitter:data2\" content=\"2 minutes\" \/>\n<script type=\"application\/ld+json\" class=\"yoast-schema-graph\">{\"@context\":\"https:\/\/schema.org\",\"@graph\":[{\"@type\":\"Article\",\"@id\":\"https:\/\/bibaardoak.eus\/biba-azoka-ardo-kultura-bizia\/#article\",\"isPartOf\":{\"@id\":\"https:\/\/bibaardoak.eus\/biba-azoka-ardo-kultura-bizia\/\"},\"author\":{\"name\":\"user_9\",\"@id\":\"https:\/\/bibaardoak.eus\/es\/#\/schema\/person\/f1515db4572edfa0724cd03b29e2c993\"},\"headline\":\"Biba Azoka, culture vivante du vin\",\"datePublished\":\"2022-03-07T12:04:38+00:00\",\"dateModified\":\"2022-03-18T07:37:48+00:00\",\"mainEntityOfPage\":{\"@id\":\"https:\/\/bibaardoak.eus\/biba-azoka-ardo-kultura-bizia\/\"},\"wordCount\":325,\"commentCount\":0,\"publisher\":{\"@id\":\"https:\/\/bibaardoak.eus\/es\/#organization\"},\"image\":{\"@id\":\"https:\/\/bibaardoak.eus\/biba-azoka-ardo-kultura-bizia\/#primaryimage\"},\"thumbnailUrl\":\"https:\/\/bibaardoak.eus\/app\/uploads\/2022\/03\/Biba-Azoka-Tabakalera.jpg\",\"articleSection\":[\"Non classifi\u00e9(e)\"],\"inLanguage\":\"fr-FR\",\"potentialAction\":[{\"@type\":\"CommentAction\",\"name\":\"Comment\",\"target\":[\"https:\/\/bibaardoak.eus\/biba-azoka-ardo-kultura-bizia\/#respond\"]}]},{\"@type\":\"WebPage\",\"@id\":\"https:\/\/bibaardoak.eus\/biba-azoka-ardo-kultura-bizia\/\",\"url\":\"https:\/\/bibaardoak.eus\/biba-azoka-ardo-kultura-bizia\/\",\"name\":\"Biba Azoka, culture vivante du vin - Biba Ardoak\",\"isPartOf\":{\"@id\":\"https:\/\/bibaardoak.eus\/es\/#website\"},\"primaryImageOfPage\":{\"@id\":\"https:\/\/bibaardoak.eus\/biba-azoka-ardo-kultura-bizia\/#primaryimage\"},\"image\":{\"@id\":\"https:\/\/bibaardoak.eus\/biba-azoka-ardo-kultura-bizia\/#primaryimage\"},\"thumbnailUrl\":\"https:\/\/bibaardoak.eus\/app\/uploads\/2022\/03\/Biba-Azoka-Tabakalera.jpg\",\"datePublished\":\"2022-03-07T12:04:38+00:00\",\"dateModified\":\"2022-03-18T07:37:48+00:00\",\"breadcrumb\":{\"@id\":\"https:\/\/bibaardoak.eus\/biba-azoka-ardo-kultura-bizia\/#breadcrumb\"},\"inLanguage\":\"fr-FR\",\"potentialAction\":[{\"@type\":\"ReadAction\",\"target\":[\"https:\/\/bibaardoak.eus\/biba-azoka-ardo-kultura-bizia\/\"]}]},{\"@type\":\"ImageObject\",\"inLanguage\":\"fr-FR\",\"@id\":\"https:\/\/bibaardoak.eus\/biba-azoka-ardo-kultura-bizia\/#primaryimage\",\"url\":\"https:\/\/bibaardoak.eus\/app\/uploads\/2022\/03\/Biba-Azoka-Tabakalera.jpg\",\"contentUrl\":\"https:\/\/bibaardoak.eus\/app\/uploads\/2022\/03\/Biba-Azoka-Tabakalera.jpg\",\"width\":800,\"height\":524,\"caption\":\"Biba Azoka Tabakalera\"},{\"@type\":\"BreadcrumbList\",\"@id\":\"https:\/\/bibaardoak.eus\/biba-azoka-ardo-kultura-bizia\/#breadcrumb\",\"itemListElement\":[{\"@type\":\"ListItem\",\"position\":1,\"name\":\"Home\",\"item\":\"https:\/\/bibaardoak.eus\/fr\/\"},{\"@type\":\"ListItem\",\"position\":2,\"name\":\"Biba Azoka, culture vivante du vin\"}]},{\"@type\":\"WebSite\",\"@id\":\"https:\/\/bibaardoak.eus\/es\/#website\",\"url\":\"https:\/\/bibaardoak.eus\/es\/\",\"name\":\"Biba Ardoak\",\"description\":\"Euskal Mahastizainen Ardo Ekologikoak eta Naturalak\",\"publisher\":{\"@id\":\"https:\/\/bibaardoak.eus\/es\/#organization\"},\"potentialAction\":[{\"@type\":\"SearchAction\",\"target\":{\"@type\":\"EntryPoint\",\"urlTemplate\":\"https:\/\/bibaardoak.eus\/es\/?s={search_term_string}\"},\"query-input\":\"required name=search_term_string\"}],\"inLanguage\":\"fr-FR\"},{\"@type\":\"Organization\",\"@id\":\"https:\/\/bibaardoak.eus\/es\/#organization\",\"name\":\"Biba Ardoak\",\"url\":\"https:\/\/bibaardoak.eus\/es\/\",\"logo\":{\"@type\":\"ImageObject\",\"inLanguage\":\"fr-FR\",\"@id\":\"https:\/\/bibaardoak.eus\/es\/#\/schema\/logo\/image\/\",\"url\":\"https:\/\/bibaardoak.eus\/app\/uploads\/2020\/10\/logo.png\",\"contentUrl\":\"https:\/\/bibaardoak.eus\/app\/uploads\/2020\/10\/logo.png\",\"width\":165,\"height\":89,\"caption\":\"Biba Ardoak\"},\"image\":{\"@id\":\"https:\/\/bibaardoak.eus\/es\/#\/schema\/logo\/image\/\"}},{\"@type\":\"Person\",\"@id\":\"https:\/\/bibaardoak.eus\/es\/#\/schema\/person\/f1515db4572edfa0724cd03b29e2c993\",\"name\":\"user_9\",\"image\":{\"@type\":\"ImageObject\",\"inLanguage\":\"fr-FR\",\"@id\":\"https:\/\/bibaardoak.eus\/es\/#\/schema\/person\/image\/\",\"url\":\"https:\/\/secure.gravatar.com\/avatar\/40104a90751d6052ee1f7df41f3eee8e?s=96&d=mm&r=g\",\"contentUrl\":\"https:\/\/secure.gravatar.com\/avatar\/40104a90751d6052ee1f7df41f3eee8e?s=96&d=mm&r=g\",\"caption\":\"user_9\"},\"url\":\"https:\/\/bibaardoak.eus\/fr\/author\/user_9\/\"}]}<\/script>\n<!-- \/ Yoast SEO plugin. -->","yoast_head_json":{"title":"Biba Azoka, culture vivante du vin - Biba Ardoak","robots":{"index":"index","follow":"follow","max-snippet":"max-snippet:-1","max-image-preview":"max-image-preview:large","max-video-preview":"max-video-preview:-1"},"canonical":"https:\/\/bibaardoak.eus\/biba-azoka-ardo-kultura-bizia\/","og_locale":"fr_FR","og_type":"article","og_title":"Biba Azoka, culture vivante du vin - Biba Ardoak","og_description":"Les 20 et 21 mars, nous organisons Biba Azoka, le premier salon aux vins bio et naturels du Pays Basque. Nos vignerons, arriv\u00e9s de domaines de tout le Pays Basque, seront au RDV avec pr\u00e8s d&#8217;une centaine de vins \u00e0 deguster dans l&#8217;espace gastronomique Taba de Tabakalera, le Centre de Culture Contemporaine, \u00e0 Saint-S\u00e9bastien. \u00a0 [&hellip;]","og_url":"https:\/\/bibaardoak.eus\/biba-azoka-ardo-kultura-bizia\/","og_site_name":"Biba Ardoak","article_published_time":"2022-03-07T12:04:38+00:00","article_modified_time":"2022-03-18T07:37:48+00:00","og_image":[{"width":800,"height":524,"url":"https:\/\/bibaardoak.eus\/app\/uploads\/2022\/03\/Biba-Azoka-Tabakalera.jpg","type":"image\/jpeg"}],"author":"user_9","twitter_card":"summary_large_image","twitter_misc":{"Written by":"user_9","Est. reading time":"2 minutes"},"schema":{"@context":"https:\/\/schema.org","@graph":[{"@type":"Article","@id":"https:\/\/bibaardoak.eus\/biba-azoka-ardo-kultura-bizia\/#article","isPartOf":{"@id":"https:\/\/bibaardoak.eus\/biba-azoka-ardo-kultura-bizia\/"},"author":{"name":"user_9","@id":"https:\/\/bibaardoak.eus\/es\/#\/schema\/person\/f1515db4572edfa0724cd03b29e2c993"},"headline":"Biba Azoka, culture vivante du vin","datePublished":"2022-03-07T12:04:38+00:00","dateModified":"2022-03-18T07:37:48+00:00","mainEntityOfPage":{"@id":"https:\/\/bibaardoak.eus\/biba-azoka-ardo-kultura-bizia\/"},"wordCount":325,"commentCount":0,"publisher":{"@id":"https:\/\/bibaardoak.eus\/es\/#organization"},"image":{"@id":"https:\/\/bibaardoak.eus\/biba-azoka-ardo-kultura-bizia\/#primaryimage"},"thumbnailUrl":"https:\/\/bibaardoak.eus\/app\/uploads\/2022\/03\/Biba-Azoka-Tabakalera.jpg","articleSection":["Non classifi\u00e9(e)"],"inLanguage":"fr-FR","potentialAction":[{"@type":"CommentAction","name":"Comment","target":["https:\/\/bibaardoak.eus\/biba-azoka-ardo-kultura-bizia\/#respond"]}]},{"@type":"WebPage","@id":"https:\/\/bibaardoak.eus\/biba-azoka-ardo-kultura-bizia\/","url":"https:\/\/bibaardoak.eus\/biba-azoka-ardo-kultura-bizia\/","name":"Biba Azoka, culture vivante du vin - Biba Ardoak","isPartOf":{"@id":"https:\/\/bibaardoak.eus\/es\/#website"},"primaryImageOfPage":{"@id":"https:\/\/bibaardoak.eus\/biba-azoka-ardo-kultura-bizia\/#primaryimage"},"image":{"@id":"https:\/\/bibaardoak.eus\/biba-azoka-ardo-kultura-bizia\/#primaryimage"},"thumbnailUrl":"https:\/\/bibaardoak.eus\/app\/uploads\/2022\/03\/Biba-Azoka-Tabakalera.jpg","datePublished":"2022-03-07T12:04:38+00:00","dateModified":"2022-03-18T07:37:48+00:00","breadcrumb":{"@id":"https:\/\/bibaardoak.eus\/biba-azoka-ardo-kultura-bizia\/#breadcrumb"},"inLanguage":"fr-FR","potentialAction":[{"@type":"ReadAction","target":["https:\/\/bibaardoak.eus\/biba-azoka-ardo-kultura-bizia\/"]}]},{"@type":"ImageObject","inLanguage":"fr-FR","@id":"https:\/\/bibaardoak.eus\/biba-azoka-ardo-kultura-bizia\/#primaryimage","url":"https:\/\/bibaardoak.eus\/app\/uploads\/2022\/03\/Biba-Azoka-Tabakalera.jpg","contentUrl":"https:\/\/bibaardoak.eus\/app\/uploads\/2022\/03\/Biba-Azoka-Tabakalera.jpg","width":800,"height":524,"caption":"Biba Azoka Tabakalera"},{"@type":"BreadcrumbList","@id":"https:\/\/bibaardoak.eus\/biba-azoka-ardo-kultura-bizia\/#breadcrumb","itemListElement":[{"@type":"ListItem","position":1,"name":"Home","item":"https:\/\/bibaardoak.eus\/fr\/"},{"@type":"ListItem","position":2,"name":"Biba Azoka, culture vivante du vin"}]},{"@type":"WebSite","@id":"https:\/\/bibaardoak.eus\/es\/#website","url":"https:\/\/bibaardoak.eus\/es\/","name":"Biba Ardoak","description":"Euskal Mahastizainen Ardo Ekologikoak eta Naturalak","publisher":{"@id":"https:\/\/bibaardoak.eus\/es\/#organization"},"potentialAction":[{"@type":"SearchAction","target":{"@type":"EntryPoint","urlTemplate":"https:\/\/bibaardoak.eus\/es\/?s={search_term_string}"},"query-input":"required name=search_term_string"}],"inLanguage":"fr-FR"},{"@type":"Organization","@id":"https:\/\/bibaardoak.eus\/es\/#organization","name":"Biba Ardoak","url":"https:\/\/bibaardoak.eus\/es\/","logo":{"@type":"ImageObject","inLanguage":"fr-FR","@id":"https:\/\/bibaardoak.eus\/es\/#\/schema\/logo\/image\/","url":"https:\/\/bibaardoak.eus\/app\/uploads\/2020\/10\/logo.png","contentUrl":"https:\/\/bibaardoak.eus\/app\/uploads\/2020\/10\/logo.png","width":165,"height":89,"caption":"Biba Ardoak"},"image":{"@id":"https:\/\/bibaardoak.eus\/es\/#\/schema\/logo\/image\/"}},{"@type":"Person","@id":"https:\/\/bibaardoak.eus\/es\/#\/schema\/person\/f1515db4572edfa0724cd03b29e2c993","name":"user_9","image":{"@type":"ImageObject","inLanguage":"fr-FR","@id":"https:\/\/bibaardoak.eus\/es\/#\/schema\/person\/image\/","url":"https:\/\/secure.gravatar.com\/avatar\/40104a90751d6052ee1f7df41f3eee8e?s=96&d=mm&r=g","contentUrl":"https:\/\/secure.gravatar.com\/avatar\/40104a90751d6052ee1f7df41f3eee8e?s=96&d=mm&r=g","caption":"user_9"},"url":"https:\/\/bibaardoak.eus\/fr\/author\/user_9\/"}]}},"_links":{"self":[{"href":"https:\/\/bibaardoak.eus\/fr\/wp-json\/wp\/v2\/posts\/8208","targetHints":{"allow":["GET"]}}],"collection":[{"href":"https:\/\/bibaardoak.eus\/fr\/wp-json\/wp\/v2\/posts"}],"about":[{"href":"https:\/\/bibaardoak.eus\/fr\/wp-json\/wp\/v2\/types\/post"}],"author":[{"embeddable":true,"href":"https:\/\/bibaardoak.eus\/fr\/wp-json\/wp\/v2\/users\/9"}],"replies":[{"embeddable":true,"href":"https:\/\/bibaardoak.eus\/fr\/wp-json\/wp\/v2\/comments?post=8208"}],"version-history":[{"count":4,"href":"https:\/\/bibaardoak.eus\/fr\/wp-json\/wp\/v2\/posts\/8208\/revisions"}],"predecessor-version":[{"id":8332,"href":"https:\/\/bibaardoak.eus\/fr\/wp-json\/wp\/v2\/posts\/8208\/revisions\/8332"}],"wp:featuredmedia":[{"embeddable":true,"href":"https:\/\/bibaardoak.eus\/fr\/wp-json\/wp\/v2\/media\/8200"}],"wp:attachment":[{"href":"https:\/\/bibaardoak.eus\/fr\/wp-json\/wp\/v2\/media?parent=8208"}],"wp:term":[{"taxonomy":"category","embeddable":true,"href":"https:\/\/bibaardoak.eus\/fr\/wp-json\/wp\/v2\/categories?post=8208"},{"taxonomy":"post_tag","embeddable":true,"href":"https:\/\/bibaardoak.eus\/fr\/wp-json\/wp\/v2\/tags?post=8208"}],"curies":[{"name":"wp","href":"https:\/\/api.w.org\/{rel}","templated":true}]}}