{"id":4848,"date":"2020-04-03T08:23:11","date_gmt":"2020-04-03T08:23:11","guid":{"rendered":"http:\/\/bibaardoak.eus\/?p=4848"},"modified":"2020-12-14T05:36:55","modified_gmt":"2020-12-14T05:36:55","slug":"en-temps-de-crise-covid-19-sante-et-cooperation","status":"publish","type":"post","link":"https:\/\/bibaardoak.eus\/fr\/en-temps-de-crise-covid-19-sante-et-cooperation\/","title":{"rendered":"En temps de crise Covid-19: sant\u00e9 et coop\u00e9ration"},"content":{"rendered":"<p>Il y a un mois, lorsque nous avons pr\u00e9sent\u00e9 Biba Ardoak \u00e0 Donostia, nous ne pouvions pas imaginer la situation dans laquelle nous nous retrouverions tous dans quelques jours. Malheureusement, les analyses que nous avons faites lorsque nous avons commenc\u00e9 \u00e0 discuter sur la cr\u00e9ation de notre projet il y a un an ont donc \u00e9t\u00e9 confirm\u00e9es.<\/p><p>Pendant ces discusions nous avions pr\u00e9vu que le d\u00e9veloppement actuel du syst\u00e8me entra\u00eenerait in\u00e9vitablement de nouvelles crises dans un futur proche. Ainsi, nous anticipions une crise li\u00e9e au carburant. Il \u00e9tait alors, plus important que jamais, que nous nous rassemblions et relocalisions nos march\u00e9s le plus possible. Il fallait se pr\u00e9parer, il fallait rechercher des formes d&#8217;organisation r\u00e9silientes.<\/p><p>La mondialisation et la destruction de la nature sont certainement \u00e0 l&#8217;origine de la crise actuelle du Covid-19. Cette crise a r\u00e9v\u00e9l\u00e9 ce qui est n\u00e9cessaire et essentiel et ce qui ne l&#8217;est pas. Cette crise nous pose des questions directes. Serait-il logique que tout reste pareille quand la crise sera finie? Allons-nous apprendre quelque chose en tant que soci\u00e9t\u00e9?<\/p><p>Comme nous l&#8217;avons dit dans la pr\u00e9sentation \u00e0 Donostia, nous donnons le meilleur de nous-m\u00eames et nous prenons soin de la terre et de l&#8217;environnement dans nos vignobles chaque jour, \u00e9laborant des vins biologiques et naturels, vivants et sains dans les caves. Le temps est arriv\u00e9, en tant que soci\u00e9t\u00e9, de faire de la vie, de la sant\u00e9 et de la prot\u00e9ction de la nature une priorit\u00e9.<\/p><p>Dans le m\u00eame temps, il est essentiel d&#8217;organiser le march\u00e9, les r\u00e9seaux et la consommation au niveau local, la coop\u00e9ration et la solidarit\u00e9. Nous sommes sur cette voie. Et nous voulons le faire avec vous. Avec notre peuple. Profitons de cette crise pour commencer \u00e0 r\u00e9\u00e9quilibrer ce monde qui est \u00e0 l&#8217;envers. Nous y gagnerons tous et toutes.<\/p><div class=\"wp-block-image\">\r\n<figure class=\"aligncenter size-large\"><img decoding=\"async\" class=\"wp-image-4839\" src=\"http:\/\/bibaardoak.eus\/wp-content\/uploads\/2020\/04\/Garnacha-uva-1024x683.jpg\" alt=\"\" \/><\/figure>\r\n<\/div><p>&nbsp;<\/p>","protected":false},"excerpt":{"rendered":"<p>Il y a un mois, lorsque nous avons pr\u00e9sent\u00e9 Biba Ardoak \u00e0 Donostia, nous ne pouvions pas imaginer la situation dans laquelle nous nous retrouverions tous dans quelques jours. Malheureusement, les analyses que nous avons faites lorsque nous avons commenc\u00e9 \u00e0 discuter sur la cr\u00e9ation de notre projet il y a un an ont donc [&hellip;]<\/p>\n","protected":false},"author":9,"featured_media":4839,"comment_status":"closed","ping_status":"closed","sticky":false,"template":"","format":"standard","meta":{"footnotes":""},"categories":[45],"tags":[],"class_list":["post-4848","post","type-post","status-publish","format-standard","has-post-thumbnail","hentry","category-non-classifiee"],"yoast_head":"<!-- This site is optimized with the Yoast SEO plugin v22.2 - https:\/\/yoast.com\/wordpress\/plugins\/seo\/ -->\n<title>En temps de crise Covid-19: sant\u00e9 et coop\u00e9ration - Biba Ardoak<\/title>\n<meta name=\"robots\" content=\"index, follow, max-snippet:-1, max-image-preview:large, max-video-preview:-1\" \/>\n<link rel=\"canonical\" href=\"https:\/\/bibaardoak.eus\/fr\/en-temps-de-crise-covid-19-sante-et-cooperation\/\" \/>\n<meta property=\"og:locale\" content=\"fr_FR\" \/>\n<meta property=\"og:type\" content=\"article\" \/>\n<meta property=\"og:title\" content=\"En temps de crise Covid-19: sant\u00e9 et coop\u00e9ration - Biba Ardoak\" \/>\n<meta property=\"og:description\" content=\"Il y a un mois, lorsque nous avons pr\u00e9sent\u00e9 Biba Ardoak \u00e0 Donostia, nous ne pouvions pas imaginer la situation dans laquelle nous nous retrouverions tous dans quelques jours. Malheureusement, les analyses que nous avons faites lorsque nous avons commenc\u00e9 \u00e0 discuter sur la cr\u00e9ation de notre projet il y a un an ont donc [&hellip;]\" \/>\n<meta property=\"og:url\" content=\"https:\/\/bibaardoak.eus\/fr\/en-temps-de-crise-covid-19-sante-et-cooperation\/\" \/>\n<meta property=\"og:site_name\" content=\"Biba Ardoak\" \/>\n<meta property=\"article:published_time\" content=\"2020-04-03T08:23:11+00:00\" \/>\n<meta property=\"article:modified_time\" content=\"2020-12-14T05:36:55+00:00\" \/>\n<meta name=\"author\" content=\"user_9\" \/>\n<meta name=\"twitter:card\" content=\"summary_large_image\" \/>\n<meta name=\"twitter:label1\" content=\"Written by\" \/>\n\t<meta name=\"twitter:data1\" content=\"user_9\" \/>\n\t<meta name=\"twitter:label2\" content=\"Est. reading time\" \/>\n\t<meta name=\"twitter:data2\" content=\"2 minutes\" \/>\n<script type=\"application\/ld+json\" class=\"yoast-schema-graph\">{\"@context\":\"https:\/\/schema.org\",\"@graph\":[{\"@type\":\"Article\",\"@id\":\"https:\/\/bibaardoak.eus\/fr\/en-temps-de-crise-covid-19-sante-et-cooperation\/#article\",\"isPartOf\":{\"@id\":\"https:\/\/bibaardoak.eus\/fr\/en-temps-de-crise-covid-19-sante-et-cooperation\/\"},\"author\":{\"name\":\"user_9\",\"@id\":\"https:\/\/bibaardoak.eus\/es\/#\/schema\/person\/f1515db4572edfa0724cd03b29e2c993\"},\"headline\":\"En temps de crise Covid-19: sant\u00e9 et coop\u00e9ration\",\"datePublished\":\"2020-04-03T08:23:11+00:00\",\"dateModified\":\"2020-12-14T05:36:55+00:00\",\"mainEntityOfPage\":{\"@id\":\"https:\/\/bibaardoak.eus\/fr\/en-temps-de-crise-covid-19-sante-et-cooperation\/\"},\"wordCount\":335,\"publisher\":{\"@id\":\"https:\/\/bibaardoak.eus\/es\/#organization\"},\"image\":{\"@id\":\"https:\/\/bibaardoak.eus\/fr\/en-temps-de-crise-covid-19-sante-et-cooperation\/#primaryimage\"},\"thumbnailUrl\":\"\",\"articleSection\":[\"Non classifi\u00e9(e)\"],\"inLanguage\":\"fr-FR\"},{\"@type\":\"WebPage\",\"@id\":\"https:\/\/bibaardoak.eus\/fr\/en-temps-de-crise-covid-19-sante-et-cooperation\/\",\"url\":\"https:\/\/bibaardoak.eus\/fr\/en-temps-de-crise-covid-19-sante-et-cooperation\/\",\"name\":\"En temps de crise Covid-19: sant\u00e9 et coop\u00e9ration - Biba Ardoak\",\"isPartOf\":{\"@id\":\"https:\/\/bibaardoak.eus\/es\/#website\"},\"primaryImageOfPage\":{\"@id\":\"https:\/\/bibaardoak.eus\/fr\/en-temps-de-crise-covid-19-sante-et-cooperation\/#primaryimage\"},\"image\":{\"@id\":\"https:\/\/bibaardoak.eus\/fr\/en-temps-de-crise-covid-19-sante-et-cooperation\/#primaryimage\"},\"thumbnailUrl\":\"\",\"datePublished\":\"2020-04-03T08:23:11+00:00\",\"dateModified\":\"2020-12-14T05:36:55+00:00\",\"breadcrumb\":{\"@id\":\"https:\/\/bibaardoak.eus\/fr\/en-temps-de-crise-covid-19-sante-et-cooperation\/#breadcrumb\"},\"inLanguage\":\"fr-FR\",\"potentialAction\":[{\"@type\":\"ReadAction\",\"target\":[\"https:\/\/bibaardoak.eus\/fr\/en-temps-de-crise-covid-19-sante-et-cooperation\/\"]}]},{\"@type\":\"ImageObject\",\"inLanguage\":\"fr-FR\",\"@id\":\"https:\/\/bibaardoak.eus\/fr\/en-temps-de-crise-covid-19-sante-et-cooperation\/#primaryimage\",\"url\":\"\",\"contentUrl\":\"\"},{\"@type\":\"BreadcrumbList\",\"@id\":\"https:\/\/bibaardoak.eus\/fr\/en-temps-de-crise-covid-19-sante-et-cooperation\/#breadcrumb\",\"itemListElement\":[{\"@type\":\"ListItem\",\"position\":1,\"name\":\"Home\",\"item\":\"https:\/\/bibaardoak.eus\/fr\/\"},{\"@type\":\"ListItem\",\"position\":2,\"name\":\"En temps de crise Covid-19: sant\u00e9 et coop\u00e9ration\"}]},{\"@type\":\"WebSite\",\"@id\":\"https:\/\/bibaardoak.eus\/es\/#website\",\"url\":\"https:\/\/bibaardoak.eus\/es\/\",\"name\":\"Biba Ardoak\",\"description\":\"Euskal Mahastizainen Ardo Ekologikoak eta Naturalak\",\"publisher\":{\"@id\":\"https:\/\/bibaardoak.eus\/es\/#organization\"},\"potentialAction\":[{\"@type\":\"SearchAction\",\"target\":{\"@type\":\"EntryPoint\",\"urlTemplate\":\"https:\/\/bibaardoak.eus\/es\/?s={search_term_string}\"},\"query-input\":\"required name=search_term_string\"}],\"inLanguage\":\"fr-FR\"},{\"@type\":\"Organization\",\"@id\":\"https:\/\/bibaardoak.eus\/es\/#organization\",\"name\":\"Biba Ardoak\",\"url\":\"https:\/\/bibaardoak.eus\/es\/\",\"logo\":{\"@type\":\"ImageObject\",\"inLanguage\":\"fr-FR\",\"@id\":\"https:\/\/bibaardoak.eus\/es\/#\/schema\/logo\/image\/\",\"url\":\"https:\/\/bibaardoak.eus\/app\/uploads\/2020\/10\/logo.png\",\"contentUrl\":\"https:\/\/bibaardoak.eus\/app\/uploads\/2020\/10\/logo.png\",\"width\":165,\"height\":89,\"caption\":\"Biba Ardoak\"},\"image\":{\"@id\":\"https:\/\/bibaardoak.eus\/es\/#\/schema\/logo\/image\/\"}},{\"@type\":\"Person\",\"@id\":\"https:\/\/bibaardoak.eus\/es\/#\/schema\/person\/f1515db4572edfa0724cd03b29e2c993\",\"name\":\"user_9\",\"image\":{\"@type\":\"ImageObject\",\"inLanguage\":\"fr-FR\",\"@id\":\"https:\/\/bibaardoak.eus\/es\/#\/schema\/person\/image\/\",\"url\":\"https:\/\/secure.gravatar.com\/avatar\/40104a90751d6052ee1f7df41f3eee8e?s=96&d=mm&r=g\",\"contentUrl\":\"https:\/\/secure.gravatar.com\/avatar\/40104a90751d6052ee1f7df41f3eee8e?s=96&d=mm&r=g\",\"caption\":\"user_9\"},\"url\":\"https:\/\/bibaardoak.eus\/fr\/author\/user_9\/\"}]}<\/script>\n<!-- \/ Yoast SEO plugin. -->","yoast_head_json":{"title":"En temps de crise Covid-19: sant\u00e9 et coop\u00e9ration - Biba Ardoak","robots":{"index":"index","follow":"follow","max-snippet":"max-snippet:-1","max-image-preview":"max-image-preview:large","max-video-preview":"max-video-preview:-1"},"canonical":"https:\/\/bibaardoak.eus\/fr\/en-temps-de-crise-covid-19-sante-et-cooperation\/","og_locale":"fr_FR","og_type":"article","og_title":"En temps de crise Covid-19: sant\u00e9 et coop\u00e9ration - Biba Ardoak","og_description":"Il y a un mois, lorsque nous avons pr\u00e9sent\u00e9 Biba Ardoak \u00e0 Donostia, nous ne pouvions pas imaginer la situation dans laquelle nous nous retrouverions tous dans quelques jours. Malheureusement, les analyses que nous avons faites lorsque nous avons commenc\u00e9 \u00e0 discuter sur la cr\u00e9ation de notre projet il y a un an ont donc [&hellip;]","og_url":"https:\/\/bibaardoak.eus\/fr\/en-temps-de-crise-covid-19-sante-et-cooperation\/","og_site_name":"Biba Ardoak","article_published_time":"2020-04-03T08:23:11+00:00","article_modified_time":"2020-12-14T05:36:55+00:00","author":"user_9","twitter_card":"summary_large_image","twitter_misc":{"Written by":"user_9","Est. reading time":"2 minutes"},"schema":{"@context":"https:\/\/schema.org","@graph":[{"@type":"Article","@id":"https:\/\/bibaardoak.eus\/fr\/en-temps-de-crise-covid-19-sante-et-cooperation\/#article","isPartOf":{"@id":"https:\/\/bibaardoak.eus\/fr\/en-temps-de-crise-covid-19-sante-et-cooperation\/"},"author":{"name":"user_9","@id":"https:\/\/bibaardoak.eus\/es\/#\/schema\/person\/f1515db4572edfa0724cd03b29e2c993"},"headline":"En temps de crise Covid-19: sant\u00e9 et coop\u00e9ration","datePublished":"2020-04-03T08:23:11+00:00","dateModified":"2020-12-14T05:36:55+00:00","mainEntityOfPage":{"@id":"https:\/\/bibaardoak.eus\/fr\/en-temps-de-crise-covid-19-sante-et-cooperation\/"},"wordCount":335,"publisher":{"@id":"https:\/\/bibaardoak.eus\/es\/#organization"},"image":{"@id":"https:\/\/bibaardoak.eus\/fr\/en-temps-de-crise-covid-19-sante-et-cooperation\/#primaryimage"},"thumbnailUrl":"","articleSection":["Non classifi\u00e9(e)"],"inLanguage":"fr-FR"},{"@type":"WebPage","@id":"https:\/\/bibaardoak.eus\/fr\/en-temps-de-crise-covid-19-sante-et-cooperation\/","url":"https:\/\/bibaardoak.eus\/fr\/en-temps-de-crise-covid-19-sante-et-cooperation\/","name":"En temps de crise Covid-19: sant\u00e9 et coop\u00e9ration - Biba Ardoak","isPartOf":{"@id":"https:\/\/bibaardoak.eus\/es\/#website"},"primaryImageOfPage":{"@id":"https:\/\/bibaardoak.eus\/fr\/en-temps-de-crise-covid-19-sante-et-cooperation\/#primaryimage"},"image":{"@id":"https:\/\/bibaardoak.eus\/fr\/en-temps-de-crise-covid-19-sante-et-cooperation\/#primaryimage"},"thumbnailUrl":"","datePublished":"2020-04-03T08:23:11+00:00","dateModified":"2020-12-14T05:36:55+00:00","breadcrumb":{"@id":"https:\/\/bibaardoak.eus\/fr\/en-temps-de-crise-covid-19-sante-et-cooperation\/#breadcrumb"},"inLanguage":"fr-FR","potentialAction":[{"@type":"ReadAction","target":["https:\/\/bibaardoak.eus\/fr\/en-temps-de-crise-covid-19-sante-et-cooperation\/"]}]},{"@type":"ImageObject","inLanguage":"fr-FR","@id":"https:\/\/bibaardoak.eus\/fr\/en-temps-de-crise-covid-19-sante-et-cooperation\/#primaryimage","url":"","contentUrl":""},{"@type":"BreadcrumbList","@id":"https:\/\/bibaardoak.eus\/fr\/en-temps-de-crise-covid-19-sante-et-cooperation\/#breadcrumb","itemListElement":[{"@type":"ListItem","position":1,"name":"Home","item":"https:\/\/bibaardoak.eus\/fr\/"},{"@type":"ListItem","position":2,"name":"En temps de crise Covid-19: sant\u00e9 et coop\u00e9ration"}]},{"@type":"WebSite","@id":"https:\/\/bibaardoak.eus\/es\/#website","url":"https:\/\/bibaardoak.eus\/es\/","name":"Biba Ardoak","description":"Euskal Mahastizainen Ardo Ekologikoak eta Naturalak","publisher":{"@id":"https:\/\/bibaardoak.eus\/es\/#organization"},"potentialAction":[{"@type":"SearchAction","target":{"@type":"EntryPoint","urlTemplate":"https:\/\/bibaardoak.eus\/es\/?s={search_term_string}"},"query-input":"required name=search_term_string"}],"inLanguage":"fr-FR"},{"@type":"Organization","@id":"https:\/\/bibaardoak.eus\/es\/#organization","name":"Biba Ardoak","url":"https:\/\/bibaardoak.eus\/es\/","logo":{"@type":"ImageObject","inLanguage":"fr-FR","@id":"https:\/\/bibaardoak.eus\/es\/#\/schema\/logo\/image\/","url":"https:\/\/bibaardoak.eus\/app\/uploads\/2020\/10\/logo.png","contentUrl":"https:\/\/bibaardoak.eus\/app\/uploads\/2020\/10\/logo.png","width":165,"height":89,"caption":"Biba Ardoak"},"image":{"@id":"https:\/\/bibaardoak.eus\/es\/#\/schema\/logo\/image\/"}},{"@type":"Person","@id":"https:\/\/bibaardoak.eus\/es\/#\/schema\/person\/f1515db4572edfa0724cd03b29e2c993","name":"user_9","image":{"@type":"ImageObject","inLanguage":"fr-FR","@id":"https:\/\/bibaardoak.eus\/es\/#\/schema\/person\/image\/","url":"https:\/\/secure.gravatar.com\/avatar\/40104a90751d6052ee1f7df41f3eee8e?s=96&d=mm&r=g","contentUrl":"https:\/\/secure.gravatar.com\/avatar\/40104a90751d6052ee1f7df41f3eee8e?s=96&d=mm&r=g","caption":"user_9"},"url":"https:\/\/bibaardoak.eus\/fr\/author\/user_9\/"}]}},"_links":{"self":[{"href":"https:\/\/bibaardoak.eus\/fr\/wp-json\/wp\/v2\/posts\/4848","targetHints":{"allow":["GET"]}}],"collection":[{"href":"https:\/\/bibaardoak.eus\/fr\/wp-json\/wp\/v2\/posts"}],"about":[{"href":"https:\/\/bibaardoak.eus\/fr\/wp-json\/wp\/v2\/types\/post"}],"author":[{"embeddable":true,"href":"https:\/\/bibaardoak.eus\/fr\/wp-json\/wp\/v2\/users\/9"}],"replies":[{"embeddable":true,"href":"https:\/\/bibaardoak.eus\/fr\/wp-json\/wp\/v2\/comments?post=4848"}],"version-history":[{"count":1,"href":"https:\/\/bibaardoak.eus\/fr\/wp-json\/wp\/v2\/posts\/4848\/revisions"}],"predecessor-version":[{"id":6741,"href":"https:\/\/bibaardoak.eus\/fr\/wp-json\/wp\/v2\/posts\/4848\/revisions\/6741"}],"wp:featuredmedia":[{"embeddable":true,"href":"https:\/\/bibaardoak.eus\/fr\/wp-json\/"}],"wp:attachment":[{"href":"https:\/\/bibaardoak.eus\/fr\/wp-json\/wp\/v2\/media?parent=4848"}],"wp:term":[{"taxonomy":"category","embeddable":true,"href":"https:\/\/bibaardoak.eus\/fr\/wp-json\/wp\/v2\/categories?post=4848"},{"taxonomy":"post_tag","embeddable":true,"href":"https:\/\/bibaardoak.eus\/fr\/wp-json\/wp\/v2\/tags?post=4848"}],"curies":[{"name":"wp","href":"https:\/\/api.w.org\/{rel}","templated":true}]}}