{"id":8223,"date":"2022-03-07T12:39:26","date_gmt":"2022-03-07T12:39:26","guid":{"rendered":"http:\/\/www.bibaardoak.eus\/?p=8223"},"modified":"2024-12-12T10:10:59","modified_gmt":"2024-12-12T09:10:59","slug":"vino-oficial-de-korrika","status":"publish","type":"post","link":"https:\/\/bibaardoak.eus\/es\/vino-oficial-de-korrika\/","title":{"rendered":"Vino oficial de Korrika"},"content":{"rendered":"<p>Hemos creado la marca de vino Biba Ardoak y AEK para potenciar los valores que compartimos (euskera, econom\u00eda social, soberan\u00eda alimentaria y visi\u00f3n y actividad a nivel de Euskal Herria) y para ayudar a Korrika.&#13;\n<\/p><p>Los profesionales de \u00c1lava y Bizkaia, Itxaso y Unai Compa\u00f1on de Lanciego y Gorka Mauleon (<a href=\"https:\/\/www.bibaardoak.eus\/es\/vineronxs\/el-mozo\/\">El Mozo Wines<\/a> tendr\u00e9is disponible el vino de maceraci\u00f3n carb\u00f3nica de Tempranillo, Biura y Malvasia de 2021 y Gipuzkoa, Nafarroa Garaia y Ipar Lezaun Lakaren Lakaren bat. Son un buen vino para el poteo y el aperitivo, pero tambi\u00e9n para las deliciosas comidas de primavera.&#13;\n<\/p><p>Desde hoy lo ten\u00e9is disponible:<\/p><ul class=\"wp-block-list\"><li>Profesionales: <a href=\"mailto:arturo@bibaardoak.eus\">arturo@bibaardoak.eus<\/a> | Hegoalde 722689246 | Iparralde 0608574063<\/li>\n\n<li>Particulares: <a href=\"https:\/\/www.bibaardoak.eus\/es\/producto\/korrika\/\">Comprar el vino de Korrika<\/a><\/li><\/ul><p>Adem\u00e1s, dentro de la <a href=\"https:\/\/www.korrika.eus\/eu\/korrika-kulturala\" target=\"_blank\" rel=\"nofollow noopener noreferrer\">Korrika Kulturala<\/a> se est\u00e1n organizando catas de Biba Vinos en once localidades. \u00a1Atenci\u00f3n a la agenda!&#13;\n<\/p><figure class=\"wp-block-image\"><img loading=\"lazy\" decoding=\"async\" width=\"424\" height=\"600\" src=\"http:\/\/www.bibaardoak.eus\/wp-content\/uploads\/2022\/03\/korrikako-ardoa.jpg\" alt=\"\" class=\"wp-image-8213\" srcset=\"https:\/\/bibaardoak.eus\/app\/uploads\/2022\/03\/korrikako-ardoa.jpg 424w, https:\/\/bibaardoak.eus\/app\/uploads\/2022\/03\/korrikako-ardoa-212x300.jpg 212w\" sizes=\"auto, (max-width: 424px) 100vw, 424px\" \/><\/figure>","protected":false},"excerpt":{"rendered":"<p>Hemos creado la marca de vino Biba Ardoak y AEK para potenciar los valores que compartimos (euskera, econom\u00eda social, soberan\u00eda alimentaria y visi\u00f3n y actividad a nivel de Euskal Herria) y para ayudar a Korrika.&#13; Los profesionales de \u00c1lava y Bizkaia, Itxaso y Unai Compa\u00f1on de Lanciego y Gorka Mauleon (El Mozo Wines tendr\u00e9is disponible [&hellip;]<\/p>\n","protected":false},"author":9,"featured_media":8215,"comment_status":"open","ping_status":"open","sticky":false,"template":"","format":"standard","meta":{"footnotes":""},"categories":[46],"tags":[],"class_list":["post-8223","post","type-post","status-publish","format-standard","has-post-thumbnail","hentry","category-sin-categorizar"],"yoast_head":"<!-- This site is optimized with the Yoast SEO plugin v22.2 - https:\/\/yoast.com\/wordpress\/plugins\/seo\/ -->\n<title>Vino oficial de Korrika - Biba Ardoak<\/title>\n<meta name=\"robots\" content=\"index, follow, max-snippet:-1, max-image-preview:large, max-video-preview:-1\" \/>\n<link rel=\"canonical\" href=\"https:\/\/bibaardoak.eus\/es\/vino-oficial-de-korrika\/\" \/>\n<meta property=\"og:locale\" content=\"es_ES\" \/>\n<meta property=\"og:type\" content=\"article\" \/>\n<meta property=\"og:title\" content=\"Vino oficial de Korrika - Biba Ardoak\" \/>\n<meta property=\"og:description\" content=\"Hemos creado la marca de vino Biba Ardoak y AEK para potenciar los valores que compartimos (euskera, econom\u00eda social, soberan\u00eda alimentaria y visi\u00f3n y actividad a nivel de Euskal Herria) y para ayudar a Korrika.&#013; Los profesionales de \u00c1lava y Bizkaia, Itxaso y Unai Compa\u00f1on de Lanciego y Gorka Mauleon (El Mozo Wines tendr\u00e9is disponible [&hellip;]\" \/>\n<meta property=\"og:url\" content=\"https:\/\/bibaardoak.eus\/es\/vino-oficial-de-korrika\/\" \/>\n<meta property=\"og:site_name\" content=\"Biba Ardoak\" \/>\n<meta property=\"article:published_time\" content=\"2022-03-07T12:39:26+00:00\" \/>\n<meta property=\"article:modified_time\" content=\"2024-12-12T09:10:59+00:00\" \/>\n<meta property=\"og:image\" content=\"https:\/\/bibaardoak.eus\/app\/uploads\/2022\/03\/korrikako-ardoa.jpg\" \/>\n\t<meta property=\"og:image:width\" content=\"424\" \/>\n\t<meta property=\"og:image:height\" content=\"600\" \/>\n\t<meta property=\"og:image:type\" content=\"image\/jpeg\" \/>\n<meta name=\"author\" content=\"user_9\" \/>\n<meta name=\"twitter:card\" content=\"summary_large_image\" \/>\n<meta name=\"twitter:label1\" content=\"Written by\" \/>\n\t<meta name=\"twitter:data1\" content=\"user_9\" \/>\n\t<meta name=\"twitter:label2\" content=\"Est. reading time\" \/>\n\t<meta name=\"twitter:data2\" content=\"1 minute\" \/>\n<script type=\"application\/ld+json\" class=\"yoast-schema-graph\">{\"@context\":\"https:\/\/schema.org\",\"@graph\":[{\"@type\":\"Article\",\"@id\":\"https:\/\/bibaardoak.eus\/es\/vino-oficial-de-korrika\/#article\",\"isPartOf\":{\"@id\":\"https:\/\/bibaardoak.eus\/es\/vino-oficial-de-korrika\/\"},\"author\":{\"name\":\"user_9\",\"@id\":\"https:\/\/bibaardoak.eus\/es\/#\/schema\/person\/f1515db4572edfa0724cd03b29e2c993\"},\"headline\":\"Vino oficial de Korrika\",\"datePublished\":\"2022-03-07T12:39:26+00:00\",\"dateModified\":\"2024-12-12T09:10:59+00:00\",\"mainEntityOfPage\":{\"@id\":\"https:\/\/bibaardoak.eus\/es\/vino-oficial-de-korrika\/\"},\"wordCount\":147,\"commentCount\":0,\"publisher\":{\"@id\":\"https:\/\/bibaardoak.eus\/es\/#organization\"},\"image\":{\"@id\":\"https:\/\/bibaardoak.eus\/es\/vino-oficial-de-korrika\/#primaryimage\"},\"thumbnailUrl\":\"https:\/\/bibaardoak.eus\/app\/uploads\/2022\/03\/korrikako-ardoa.jpg\",\"articleSection\":[\"Sin categorizar\"],\"inLanguage\":\"es-ES\",\"potentialAction\":[{\"@type\":\"CommentAction\",\"name\":\"Comment\",\"target\":[\"https:\/\/bibaardoak.eus\/es\/vino-oficial-de-korrika\/#respond\"]}]},{\"@type\":\"WebPage\",\"@id\":\"https:\/\/bibaardoak.eus\/es\/vino-oficial-de-korrika\/\",\"url\":\"https:\/\/bibaardoak.eus\/es\/vino-oficial-de-korrika\/\",\"name\":\"Vino oficial de Korrika - Biba Ardoak\",\"isPartOf\":{\"@id\":\"https:\/\/bibaardoak.eus\/es\/#website\"},\"primaryImageOfPage\":{\"@id\":\"https:\/\/bibaardoak.eus\/es\/vino-oficial-de-korrika\/#primaryimage\"},\"image\":{\"@id\":\"https:\/\/bibaardoak.eus\/es\/vino-oficial-de-korrika\/#primaryimage\"},\"thumbnailUrl\":\"https:\/\/bibaardoak.eus\/app\/uploads\/2022\/03\/korrikako-ardoa.jpg\",\"datePublished\":\"2022-03-07T12:39:26+00:00\",\"dateModified\":\"2024-12-12T09:10:59+00:00\",\"breadcrumb\":{\"@id\":\"https:\/\/bibaardoak.eus\/es\/vino-oficial-de-korrika\/#breadcrumb\"},\"inLanguage\":\"es-ES\",\"potentialAction\":[{\"@type\":\"ReadAction\",\"target\":[\"https:\/\/bibaardoak.eus\/es\/vino-oficial-de-korrika\/\"]}]},{\"@type\":\"ImageObject\",\"inLanguage\":\"es-ES\",\"@id\":\"https:\/\/bibaardoak.eus\/es\/vino-oficial-de-korrika\/#primaryimage\",\"url\":\"https:\/\/bibaardoak.eus\/app\/uploads\/2022\/03\/korrikako-ardoa.jpg\",\"contentUrl\":\"https:\/\/bibaardoak.eus\/app\/uploads\/2022\/03\/korrikako-ardoa.jpg\",\"width\":424,\"height\":600},{\"@type\":\"BreadcrumbList\",\"@id\":\"https:\/\/bibaardoak.eus\/es\/vino-oficial-de-korrika\/#breadcrumb\",\"itemListElement\":[{\"@type\":\"ListItem\",\"position\":1,\"name\":\"Home\",\"item\":\"https:\/\/bibaardoak.eus\/es\/\"},{\"@type\":\"ListItem\",\"position\":2,\"name\":\"Vino oficial de Korrika\"}]},{\"@type\":\"WebSite\",\"@id\":\"https:\/\/bibaardoak.eus\/es\/#website\",\"url\":\"https:\/\/bibaardoak.eus\/es\/\",\"name\":\"Biba Ardoak\",\"description\":\"Euskal Mahastizainen Ardo Ekologikoak eta Naturalak\",\"publisher\":{\"@id\":\"https:\/\/bibaardoak.eus\/es\/#organization\"},\"potentialAction\":[{\"@type\":\"SearchAction\",\"target\":{\"@type\":\"EntryPoint\",\"urlTemplate\":\"https:\/\/bibaardoak.eus\/es\/?s={search_term_string}\"},\"query-input\":\"required name=search_term_string\"}],\"inLanguage\":\"es-ES\"},{\"@type\":\"Organization\",\"@id\":\"https:\/\/bibaardoak.eus\/es\/#organization\",\"name\":\"Biba Ardoak\",\"url\":\"https:\/\/bibaardoak.eus\/es\/\",\"logo\":{\"@type\":\"ImageObject\",\"inLanguage\":\"es-ES\",\"@id\":\"https:\/\/bibaardoak.eus\/es\/#\/schema\/logo\/image\/\",\"url\":\"https:\/\/bibaardoak.eus\/app\/uploads\/2020\/10\/logo.png\",\"contentUrl\":\"https:\/\/bibaardoak.eus\/app\/uploads\/2020\/10\/logo.png\",\"width\":165,\"height\":89,\"caption\":\"Biba Ardoak\"},\"image\":{\"@id\":\"https:\/\/bibaardoak.eus\/es\/#\/schema\/logo\/image\/\"}},{\"@type\":\"Person\",\"@id\":\"https:\/\/bibaardoak.eus\/es\/#\/schema\/person\/f1515db4572edfa0724cd03b29e2c993\",\"name\":\"user_9\",\"image\":{\"@type\":\"ImageObject\",\"inLanguage\":\"es-ES\",\"@id\":\"https:\/\/bibaardoak.eus\/es\/#\/schema\/person\/image\/\",\"url\":\"https:\/\/secure.gravatar.com\/avatar\/40104a90751d6052ee1f7df41f3eee8e?s=96&d=mm&r=g\",\"contentUrl\":\"https:\/\/secure.gravatar.com\/avatar\/40104a90751d6052ee1f7df41f3eee8e?s=96&d=mm&r=g\",\"caption\":\"user_9\"},\"url\":\"https:\/\/bibaardoak.eus\/es\/author\/user_9\/\"}]}<\/script>\n<!-- \/ Yoast SEO plugin. -->","yoast_head_json":{"title":"Vino oficial de Korrika - Biba Ardoak","robots":{"index":"index","follow":"follow","max-snippet":"max-snippet:-1","max-image-preview":"max-image-preview:large","max-video-preview":"max-video-preview:-1"},"canonical":"https:\/\/bibaardoak.eus\/es\/vino-oficial-de-korrika\/","og_locale":"es_ES","og_type":"article","og_title":"Vino oficial de Korrika - Biba Ardoak","og_description":"Hemos creado la marca de vino Biba Ardoak y AEK para potenciar los valores que compartimos (euskera, econom\u00eda social, soberan\u00eda alimentaria y visi\u00f3n y actividad a nivel de Euskal Herria) y para ayudar a Korrika.&#13; Los profesionales de \u00c1lava y Bizkaia, Itxaso y Unai Compa\u00f1on de Lanciego y Gorka Mauleon (El Mozo Wines tendr\u00e9is disponible [&hellip;]","og_url":"https:\/\/bibaardoak.eus\/es\/vino-oficial-de-korrika\/","og_site_name":"Biba Ardoak","article_published_time":"2022-03-07T12:39:26+00:00","article_modified_time":"2024-12-12T09:10:59+00:00","og_image":[{"width":424,"height":600,"url":"https:\/\/bibaardoak.eus\/app\/uploads\/2022\/03\/korrikako-ardoa.jpg","type":"image\/jpeg"}],"author":"user_9","twitter_card":"summary_large_image","twitter_misc":{"Written by":"user_9","Est. reading time":"1 minute"},"schema":{"@context":"https:\/\/schema.org","@graph":[{"@type":"Article","@id":"https:\/\/bibaardoak.eus\/es\/vino-oficial-de-korrika\/#article","isPartOf":{"@id":"https:\/\/bibaardoak.eus\/es\/vino-oficial-de-korrika\/"},"author":{"name":"user_9","@id":"https:\/\/bibaardoak.eus\/es\/#\/schema\/person\/f1515db4572edfa0724cd03b29e2c993"},"headline":"Vino oficial de Korrika","datePublished":"2022-03-07T12:39:26+00:00","dateModified":"2024-12-12T09:10:59+00:00","mainEntityOfPage":{"@id":"https:\/\/bibaardoak.eus\/es\/vino-oficial-de-korrika\/"},"wordCount":147,"commentCount":0,"publisher":{"@id":"https:\/\/bibaardoak.eus\/es\/#organization"},"image":{"@id":"https:\/\/bibaardoak.eus\/es\/vino-oficial-de-korrika\/#primaryimage"},"thumbnailUrl":"https:\/\/bibaardoak.eus\/app\/uploads\/2022\/03\/korrikako-ardoa.jpg","articleSection":["Sin categorizar"],"inLanguage":"es-ES","potentialAction":[{"@type":"CommentAction","name":"Comment","target":["https:\/\/bibaardoak.eus\/es\/vino-oficial-de-korrika\/#respond"]}]},{"@type":"WebPage","@id":"https:\/\/bibaardoak.eus\/es\/vino-oficial-de-korrika\/","url":"https:\/\/bibaardoak.eus\/es\/vino-oficial-de-korrika\/","name":"Vino oficial de Korrika - Biba Ardoak","isPartOf":{"@id":"https:\/\/bibaardoak.eus\/es\/#website"},"primaryImageOfPage":{"@id":"https:\/\/bibaardoak.eus\/es\/vino-oficial-de-korrika\/#primaryimage"},"image":{"@id":"https:\/\/bibaardoak.eus\/es\/vino-oficial-de-korrika\/#primaryimage"},"thumbnailUrl":"https:\/\/bibaardoak.eus\/app\/uploads\/2022\/03\/korrikako-ardoa.jpg","datePublished":"2022-03-07T12:39:26+00:00","dateModified":"2024-12-12T09:10:59+00:00","breadcrumb":{"@id":"https:\/\/bibaardoak.eus\/es\/vino-oficial-de-korrika\/#breadcrumb"},"inLanguage":"es-ES","potentialAction":[{"@type":"ReadAction","target":["https:\/\/bibaardoak.eus\/es\/vino-oficial-de-korrika\/"]}]},{"@type":"ImageObject","inLanguage":"es-ES","@id":"https:\/\/bibaardoak.eus\/es\/vino-oficial-de-korrika\/#primaryimage","url":"https:\/\/bibaardoak.eus\/app\/uploads\/2022\/03\/korrikako-ardoa.jpg","contentUrl":"https:\/\/bibaardoak.eus\/app\/uploads\/2022\/03\/korrikako-ardoa.jpg","width":424,"height":600},{"@type":"BreadcrumbList","@id":"https:\/\/bibaardoak.eus\/es\/vino-oficial-de-korrika\/#breadcrumb","itemListElement":[{"@type":"ListItem","position":1,"name":"Home","item":"https:\/\/bibaardoak.eus\/es\/"},{"@type":"ListItem","position":2,"name":"Vino oficial de Korrika"}]},{"@type":"WebSite","@id":"https:\/\/bibaardoak.eus\/es\/#website","url":"https:\/\/bibaardoak.eus\/es\/","name":"Biba Ardoak","description":"Euskal Mahastizainen Ardo Ekologikoak eta Naturalak","publisher":{"@id":"https:\/\/bibaardoak.eus\/es\/#organization"},"potentialAction":[{"@type":"SearchAction","target":{"@type":"EntryPoint","urlTemplate":"https:\/\/bibaardoak.eus\/es\/?s={search_term_string}"},"query-input":"required name=search_term_string"}],"inLanguage":"es-ES"},{"@type":"Organization","@id":"https:\/\/bibaardoak.eus\/es\/#organization","name":"Biba Ardoak","url":"https:\/\/bibaardoak.eus\/es\/","logo":{"@type":"ImageObject","inLanguage":"es-ES","@id":"https:\/\/bibaardoak.eus\/es\/#\/schema\/logo\/image\/","url":"https:\/\/bibaardoak.eus\/app\/uploads\/2020\/10\/logo.png","contentUrl":"https:\/\/bibaardoak.eus\/app\/uploads\/2020\/10\/logo.png","width":165,"height":89,"caption":"Biba Ardoak"},"image":{"@id":"https:\/\/bibaardoak.eus\/es\/#\/schema\/logo\/image\/"}},{"@type":"Person","@id":"https:\/\/bibaardoak.eus\/es\/#\/schema\/person\/f1515db4572edfa0724cd03b29e2c993","name":"user_9","image":{"@type":"ImageObject","inLanguage":"es-ES","@id":"https:\/\/bibaardoak.eus\/es\/#\/schema\/person\/image\/","url":"https:\/\/secure.gravatar.com\/avatar\/40104a90751d6052ee1f7df41f3eee8e?s=96&d=mm&r=g","contentUrl":"https:\/\/secure.gravatar.com\/avatar\/40104a90751d6052ee1f7df41f3eee8e?s=96&d=mm&r=g","caption":"user_9"},"url":"https:\/\/bibaardoak.eus\/es\/author\/user_9\/"}]}},"_links":{"self":[{"href":"https:\/\/bibaardoak.eus\/es\/wp-json\/wp\/v2\/posts\/8223","targetHints":{"allow":["GET"]}}],"collection":[{"href":"https:\/\/bibaardoak.eus\/es\/wp-json\/wp\/v2\/posts"}],"about":[{"href":"https:\/\/bibaardoak.eus\/es\/wp-json\/wp\/v2\/types\/post"}],"author":[{"embeddable":true,"href":"https:\/\/bibaardoak.eus\/es\/wp-json\/wp\/v2\/users\/9"}],"replies":[{"embeddable":true,"href":"https:\/\/bibaardoak.eus\/es\/wp-json\/wp\/v2\/comments?post=8223"}],"version-history":[{"count":5,"href":"https:\/\/bibaardoak.eus\/es\/wp-json\/wp\/v2\/posts\/8223\/revisions"}],"predecessor-version":[{"id":20446,"href":"https:\/\/bibaardoak.eus\/es\/wp-json\/wp\/v2\/posts\/8223\/revisions\/20446"}],"wp:featuredmedia":[{"embeddable":true,"href":"https:\/\/bibaardoak.eus\/es\/wp-json\/wp\/v2\/media\/8215"}],"wp:attachment":[{"href":"https:\/\/bibaardoak.eus\/es\/wp-json\/wp\/v2\/media?parent=8223"}],"wp:term":[{"taxonomy":"category","embeddable":true,"href":"https:\/\/bibaardoak.eus\/es\/wp-json\/wp\/v2\/categories?post=8223"},{"taxonomy":"post_tag","embeddable":true,"href":"https:\/\/bibaardoak.eus\/es\/wp-json\/wp\/v2\/tags?post=8223"}],"curies":[{"name":"wp","href":"https:\/\/api.w.org\/{rel}","templated":true}]}}